{"id":1592,"date":"2020-12-03T22:18:30","date_gmt":"2020-12-03T21:18:30","guid":{"rendered":"https:\/\/cij.hu\/hu\/?p=1592"},"modified":"2021-02-16T17:39:07","modified_gmt":"2021-02-16T16:39:07","slug":"ujsagiras-koronavirus-jarvany-idejen","status":"publish","type":"post","link":"https:\/\/cij.hu\/hu\/ujsagiras-koronavirus-jarvany-idejen\/","title":{"rendered":"\u00dajs\u00e1g\u00edr\u00e1s koronav\u00edrus j\u00e1rv\u00e1ny idej\u00e9n"},"content":{"rendered":"\n<p>Szakmai kerekasztal-besz\u00e9lget\u00e9s a 25 \u00e9ve alap\u00edtott F\u00fcggetlen M\u00e9diak\u00f6zpont szervez\u00e9s\u00e9ben.<\/p>\n\n\n\n<p>&#x1f4c6; Ideje: 2020. december 10., cs\u00fct\u00f6rt\u00f6k, 15:00 \u2013 16:30<br>&#x23f0; Regisztr\u00e1ci\u00f3 december 8-ig az <a rel=\"noreferrer noopener\" href=\"https:\/\/forms.gle\/eaCQBGXZ6jcgHzJr7\" data-type=\"URL\" data-id=\"https:\/\/forms.gle\/eaCQBGXZ6jcgHzJr7\" target=\"_blank\">online \u0171rlapon<\/a>.<br>&#x1f3e0; A rendezv\u00e9ny a Youtube-on \u00e9l\u0151ben k\u00f6vethet\u0151: <a rel=\"noreferrer noopener\" href=\"https:\/\/youtu.be\/IB6KScBSyyE\" target=\"_blank\">https:\/\/youtu.be\/IB6KScBSyyE<\/a><\/p>\n\n\n\n<p><em>Milyen v\u00e1ltoztat\u00e1sokra k\u00e9nyszer\u00fcltek a szerkeszt\u0151s\u00e9gek munkat\u00e1rsai \u00e9s a szabad\u00fasz\u00f3 \u00fajs\u00e1g\u00edr\u00f3k a Covid-19 j\u00e1rv\u00e1ny kezdetekor&nbsp; \u00e9s mi jelenti a legnagyobb probl\u00e9m\u00e1t a mostani hull\u00e1m idej\u00e9n? A k\u00e9nyszerhelyzetben sz\u00fclettek-e \u00faj megold\u00e1sok, amelyek seg\u00edtik a szakmai munk\u00e1t ak\u00e1r hossz\u00fa t\u00e1von is? \u2013 egyebek k\u00f6z\u00f6tt ezeket a k\u00e9rd\u00e9seket vitatj\u00e1k meg a szakmai besz\u00e9lget\u00e9s r\u00e9sztvev\u0151i.<\/em><\/p>\n\n\n\n<p><em>A rendezv\u00e9nyen sz\u00f3 lesz annak a szeptemberi online felm\u00e9r\u00e9snek az eredm\u00e9nyeir\u0151l is, amellyel a F\u00fcggetlen M\u00e9diak\u00f6zpont azt t\u00e9rk\u00e9pezte fel, hogy mi nehez\u00edtette vagy seg\u00edtette az \u00fajs\u00e1g\u00edr\u00f3k munk\u00e1t a j\u00e1rv\u00e1ny kezdete \u00f3ta. A t\u00f6bb mint 120 v\u00e1laszad\u00f3 53 sz\u00e1zal\u00e9ka egy\u00e9bk\u00e9nt az \u00e1llami int\u00e9zm\u00e9nyek j\u00e1rv\u00e1nyr\u00f3l sz\u00f3l\u00f3 t\u00e1j\u00e9koztat\u00e1s\u00e1t nevezte meg a legf\u0151bb akad\u00e1lyk\u00e9nt.<\/em><\/p>\n\n\n\n<p><em>A szakmai kerekasztal-besz\u00e9lget\u00e9st a F\u00fcggetlen M\u00e9diak\u00f6zpont megnyit\u00e1s\u00e1nak 25. \u00e9vfordul\u00f3j\u00e1n tartjuk, hogy ezzel is hangs\u00falyozzuk a t\u00e9nyeken alapul\u00f3 felel\u0151s \u00fajs\u00e1g\u00edr\u00e1s, a hiteles t\u00e1j\u00e9koztat\u00e1s \u00e9s a k\u00f6z\u00e9rdeket szolg\u00e1l\u00f3 soksz\u00edn\u0171 m\u00e9dia fontoss\u00e1g\u00e1t.<\/em><\/p>\n\n\n\n<p><strong>A rendezv\u00e9ny programja<\/strong><\/p>\n\n\n\n<p>15:00 \u2013 15:10 \u2013 Megnyit\u00f3 \u00ad- Orb\u00e1n S\u00e1ndor, a F\u00fcggetlen M\u00e9diak\u00f6zpont igazgat\u00f3ja<\/p>\n\n\n\n<p>15:10 \u2013 15:25 &#8211; Az online felm\u00e9r\u00e9s eredm\u00e9nyei \u00e9s k\u00f6vetkeztet\u00e9sei<br>El\u0151ad\u00f3: M\u00e1ri\u00e1s Leon\u00e1rd \u00fajs\u00e1g\u00edr\u00f3<\/p>\n\n\n\n<p>15:25 \u2013 16:30 \u2013 Szerkeszt\u0151s\u00e9gi tapasztalatok a j\u00e1rv\u00e1nyhelyzet idej\u00e9n<br>A besz\u00e9lget\u00e9st Weyer Bal\u00e1zs, a F\u00fcggetlen M\u00e9diak\u00f6zpont Kurat\u00f3rium\u00e1nak eln\u00f6ke vezeti.<br>R\u00e9sztvev\u0151k:<br>\u2022 Hargitai Mikl\u00f3s, a M\u00daOSZ eln\u00f6ke, a N\u00e9pszava szerkeszt\u0151je<br>\u2022 Munk Veronika, a Telex.hu f\u0151szerkeszt\u0151je<br>\u2022 Pet\u0151 P\u00e9ter, a 24.hu f\u0151szerkeszt\u0151je<br>\u2022 Rozn\u00e1r Gy\u00f6ngyi, a Nyugat.hu f\u0151szerkeszt\u0151je<br>\u2022 Szalay D\u00e1niel, a Media1.hu f\u0151szerkeszt\u0151je<\/p>\n\n\n\n<p>Regisztr\u00e1l\u00e1s el\u0151tt olvassa el&nbsp;<a rel=\"noreferrer noopener\" href=\"https:\/\/cij.hu\/hu\/wp-content\/uploads\/2018\/09\/Adatkezelesi-tajekoztato.pdf\" target=\"_blank\">Adatkezel\u00e9si T\u00e1j\u00e9koztat\u00f3nkat<\/a>!<\/p>\n","protected":false},"excerpt":{"rendered":"<p>Szakmai kerekasztal-besz\u00e9lget\u00e9s a 25 \u00e9ve alap\u00edtott F\u00fcggetlen M\u00e9diak\u00f6zpont szervez\u00e9s\u00e9ben. &#x1f4c6; Ideje: 2020. december 10., cs\u00fct\u00f6rt\u00f6k, 15:00 \u2013 16:30&#x23f0; Regisztr\u00e1ci\u00f3 december 8-ig az online \u0171rlapon.&#x1f3e0; A rendezv\u00e9ny a Youtube-on \u00e9l\u0151ben k\u00f6vethet\u0151: https:\/\/youtu.be\/IB6KScBSyyE Milyen v\u00e1ltoztat\u00e1sokra k\u00e9nyszer\u00fcltek a szerkeszt\u0151s\u00e9gek munkat\u00e1rsai \u00e9s a szabad\u00fasz\u00f3 \u00fajs\u00e1g\u00edr\u00f3k a Covid-19 j\u00e1rv\u00e1ny kezdetekor&nbsp; \u00e9s mi jelenti a legnagyobb probl\u00e9m\u00e1t a mostani hull\u00e1m idej\u00e9n? [&hellip;]<\/p>\n","protected":false},"author":1,"featured_media":1593,"comment_status":"closed","ping_status":"closed","sticky":false,"template":"","format":"standard","meta":{"_monsterinsights_skip_tracking":false,"_monsterinsights_sitenote_active":false,"_monsterinsights_sitenote_note":"","_monsterinsights_sitenote_category":0,"footnotes":""},"categories":[13,4],"tags":[],"class_list":["post-1592","post","type-post","status-publish","format-standard","has-post-thumbnail","hentry","category-aktualis","category-hirek"],"_links":{"self":[{"href":"https:\/\/cij.hu\/hu\/wp-json\/wp\/v2\/posts\/1592","targetHints":{"allow":["GET"]}}],"collection":[{"href":"https:\/\/cij.hu\/hu\/wp-json\/wp\/v2\/posts"}],"about":[{"href":"https:\/\/cij.hu\/hu\/wp-json\/wp\/v2\/types\/post"}],"author":[{"embeddable":true,"href":"https:\/\/cij.hu\/hu\/wp-json\/wp\/v2\/users\/1"}],"replies":[{"embeddable":true,"href":"https:\/\/cij.hu\/hu\/wp-json\/wp\/v2\/comments?post=1592"}],"version-history":[{"count":4,"href":"https:\/\/cij.hu\/hu\/wp-json\/wp\/v2\/posts\/1592\/revisions"}],"predecessor-version":[{"id":1638,"href":"https:\/\/cij.hu\/hu\/wp-json\/wp\/v2\/posts\/1592\/revisions\/1638"}],"wp:featuredmedia":[{"embeddable":true,"href":"https:\/\/cij.hu\/hu\/wp-json\/wp\/v2\/media\/1593"}],"wp:attachment":[{"href":"https:\/\/cij.hu\/hu\/wp-json\/wp\/v2\/media?parent=1592"}],"wp:term":[{"taxonomy":"category","embeddable":true,"href":"https:\/\/cij.hu\/hu\/wp-json\/wp\/v2\/categories?post=1592"},{"taxonomy":"post_tag","embeddable":true,"href":"https:\/\/cij.hu\/hu\/wp-json\/wp\/v2\/tags?post=1592"}],"curies":[{"name":"wp","href":"https:\/\/api.w.org\/{rel}","templated":true}]}}