{"id":2290,"date":"2023-12-10T17:38:00","date_gmt":"2023-12-10T16:38:00","guid":{"rendered":"https:\/\/cij.hu\/hu\/?p=2290"},"modified":"2024-01-17T16:22:33","modified_gmt":"2024-01-17T15:22:33","slug":"utmutato-slapp-ugyekben","status":"publish","type":"post","link":"https:\/\/cij.hu\/hu\/utmutato-slapp-ugyekben\/","title":{"rendered":"\u00datmutat\u00f3 SLAPP \u00fcgyekben"},"content":{"rendered":"\n<p>Szabadon el\u00e9rhet\u0151 szakmai anyagokat k\u00e9sz\u00edtett a F\u00fcggetlen M\u00e9diak\u00f6zpont a k\u00f6z\u00e9leti r\u00e9szv\u00e9telt akad\u00e1lyoz\u00f3 strat\u00e9giai perek (Strategic Lawsuits Against Public Participation\/SLAPP) t\u00e9mak\u00f6r\u00e9ben a PATFox projekt r\u00e9szek\u00e9nt, amelyet az Eur\u00f3pai Bizotts\u00e1g t\u00e1mogat. A jog\u00e1szok \u00e9s m\u00e9diaszakemberek sz\u00e1m\u00e1ra \u00f6ssze\u00e1ll\u00edtott angol \u00e9s magyar nyelv\u0171 dokumentumok, \u00edgy a hazai esettanulm\u00e1nyokat tartalmaz\u00f3 k\u00e9pz\u00e9si tematika, egy szak\u00e9rt\u0151kkel szervezett szakmai kerekasztal-besz\u00e9lget\u00e9s leirata \u00e9s a t\u00e9m\u00e1hoz kapcsol\u00f3d\u00f3 YouTube vide\u00f3 \u00e9s podcast linkjei itt \u00e9rhet\u0151k el:<\/p>\n\n\n\n<p><a href=\"https:\/\/cij.hu\/hu\/wp-content\/uploads\/2024\/01\/HU_case_studycover.pdf\" target=\"_blank\" rel=\"noreferrer noopener\">https:\/\/cij.hu\/hu\/wp-content\/uploads\/2024\/01\/HU_case_studycover.pdf<\/a><\/p>\n\n\n\n<p><a href=\"https:\/\/cij.hu\/hu\/wp-content\/uploads\/2022\/12\/SLAPP_kerekasztal.pdf\" target=\"_blank\" rel=\"noreferrer noopener\">https:\/\/cij.hu\/hu\/wp-content\/uploads\/2022\/12\/SLAPP_kerekasztal.pdf<\/a><\/p>\n\n\n\n<p><a href=\"https:\/\/www.youtube.com\/watch?v=a-0dXNtKPxA&amp;t=1164s\" target=\"_blank\" rel=\"noreferrer noopener\">Vissza\u00e9l\u00e9sszer\u0171 peresked\u00e9s civilek \u00e9s \u00fajs\u00e1g\u00edr\u00f3k ellen \u2013 Mit tehet az EU?<\/a><\/p>\n\n\n\n<p class=\"wp-embed-aspect-16-9 wp-has-aspect-ratio\"><a href=\"https:\/\/www.youtube.com\/watch?v=LS8o6fGQwnM\" target=\"_blank\" rel=\"noreferrer noopener\">Fell\u00e9p\u00e9s a k\u00f6z\u00e9leti r\u00e9szv\u00e9telt akad\u00e1lyoz\u00f3 perekkel (SLAPP) szemben<\/a><\/p>\n\n\n\n<p><a href=\"https:\/\/eper.elte.hu\/index.php\/2023\/10\/12\/mediahelyzet-magyarorszagon-02-ragalmazasi-perek-es-kovetkezmenyeik-a-mediajogban-beszelgetes-bodrogi-beaval-es-szalay-daniellel\/\" target=\"_blank\" rel=\"noreferrer noopener\">M\u00e9diahelyzet Magyarorsz\u00e1gon \u2013 #02 R\u00e1galmaz\u00e1si perek \u00e9s k\u00f6vetkezm\u00e9nyeik a m\u00e9diajogban \u2013 besz\u00e9lget\u00e9s Bodrogi Be\u00e1val \u00e9s Szalay D\u00e1niellel<\/a><\/p>\n\n\n\n<p>A SLAPP t\u00edpus\u00fa peresked\u00e9s c\u00e9lja, hogy a k\u00f6z\u00e9letben akt\u00edv civileket, \u00fajs\u00e1g\u00edr\u00f3kat hosszadalmas jogi elj\u00e1r\u00e1sokkal nyom\u00e1s alatt tartsanak, megf\u00e9leml\u00edts\u00e9k \u0151ket \u00e9s er\u0151forr\u00e1saikat lek\u00f6ss\u00e9k. Ennek megakad\u00e1lyoz\u00e1sa v\u00e9gett a m\u00falt \u00e9vben az Eur\u00f3pai Bizotts\u00e1g jogszab\u00e1lyi javaslatot fogadott el, amely a hat\u00e1ron \u00e1tny\u00fal\u00f3 polg\u00e1ri u\u0308gyekre vonatkozik \u00e9s \u2013 egyebek k\u00f6zt \u2013 lehet\u0151v\u00e9 teszi a b\u00edr\u00e1k sz\u00e1m\u00e1ra, hogy m\u00e1r az elj\u00e1r\u00e1s korai szakasz\u00e1ban megsz\u00fcntess\u00e9k a megalapozatlan pereket. A Bizotts\u00e1g emellett kieg\u00e9sz\u00edt\u0151 aj\u00e1nl\u00e1st is tett, amely arra \u00f6szt\u00f6nzi a tag\u00e1llamokat, hogy a javasolt szab\u00e1lyoz\u00e1st a hazai SLAPP jelleg\u0171 elj\u00e1r\u00e1sokban is alkalmazz\u00e1k.<\/p>\n\n\n\n<p>A PATFox projekt r\u00e9szek\u00e9nt, a kidolgozott tematika alapj\u00e1n 11 EU tag\u00e1llamban m\u0171helyfoglalkoz\u00e1sokat tartottak els\u0151sorban jog\u00e1szok sz\u00e1m\u00e1ra. Emellett a SLAPP elleni fell\u00e9p\u00e9s egyetemi \u00f3r\u00e1k t\u00e9m\u00e1ja is volt.<\/p>\n\n\n\n<p>A 2024 febru\u00e1rj\u00e1ban lez\u00e1rul\u00f3 k\u00e9t\u00e9ves program c\u00e9lja, hogy jog\u00e1szok, m\u00e9diaszakemberek \u00e9s oktat\u00f3k alaposabban megismerkedhessenek a SLAPP esetek jellemz\u0151ivel \u00e9s az Eur\u00f3pai Bizotts\u00e1g t\u00e9m\u00e1hoz kapcsol\u00f3d\u00f3 kezdem\u00e9nyez\u00e9seivel. Az International Foundation Baltasar Garz\u00f3n (FIBGAR) vezette konzorciumban magyar r\u00e9szr\u0151l a F\u00fcggetlen M\u00e9diak\u00f6zpont vesz r\u00e9szt.<\/p>\n\n\n\n<p>A nemzetk\u00f6zi projekthez kapcsol\u00f3d\u00f3 angol nyelv\u0171 k\u00e9zik\u00f6nyv tov\u00e1bbi dokumentumokkal kieg\u00e9sz\u00edtve itt \u00e9rhet\u0151 el: <a href=\"https:\/\/www.antislapp.eu\/curriculum-hub\" target=\"_blank\" rel=\"noreferrer noopener\">https:\/\/www.antislapp.eu\/curriculum-hub<\/a><\/p>\n\n\n\n<div class=\"wp-block-columns is-layout-flex wp-container-core-columns-is-layout-9d6595d7 wp-block-columns-is-layout-flex\">\n<div class=\"wp-block-column is-layout-flow wp-block-column-is-layout-flow\" style=\"flex-basis:33.33%\">\n<figure class=\"wp-block-image size-full\"><img loading=\"lazy\" decoding=\"async\" width=\"1000\" height=\"337\" src=\"https:\/\/cij.hu\/hu\/wp-content\/uploads\/2022\/06\/PatFox_final_small.png\" alt=\"\" class=\"wp-image-1953\" srcset=\"https:\/\/cij.hu\/hu\/wp-content\/uploads\/2022\/06\/PatFox_final_small.png 1000w, https:\/\/cij.hu\/hu\/wp-content\/uploads\/2022\/06\/PatFox_final_small-300x101.png 300w, https:\/\/cij.hu\/hu\/wp-content\/uploads\/2022\/06\/PatFox_final_small-768x259.png 768w, https:\/\/cij.hu\/hu\/wp-content\/uploads\/2022\/06\/PatFox_final_small-680x229.png 680w\" sizes=\"auto, (max-width: 1000px) 100vw, 1000px\" \/><\/figure>\n<\/div>\n\n\n\n<div class=\"wp-block-column is-layout-flow wp-block-column-is-layout-flow\" style=\"flex-basis:66.66%\">\n<figure class=\"wp-block-image size-full\"><img loading=\"lazy\" decoding=\"async\" width=\"409\" height=\"91\" src=\"https:\/\/cij.hu\/hu\/wp-content\/uploads\/2022\/08\/Funded-by-EU.png\" alt=\"\" class=\"wp-image-1997\" srcset=\"https:\/\/cij.hu\/hu\/wp-content\/uploads\/2022\/08\/Funded-by-EU.png 409w, https:\/\/cij.hu\/hu\/wp-content\/uploads\/2022\/08\/Funded-by-EU-300x67.png 300w\" sizes=\"auto, (max-width: 409px) 100vw, 409px\" \/><\/figure>\n<\/div>\n<\/div>\n","protected":false},"excerpt":{"rendered":"<p>Szabadon el\u00e9rhet\u0151 szakmai anyagokat k\u00e9sz\u00edtett a F\u00fcggetlen M\u00e9diak\u00f6zpont a k\u00f6z\u00e9leti r\u00e9szv\u00e9telt akad\u00e1lyoz\u00f3 strat\u00e9giai perek (Strategic Lawsuits Against Public Participation\/SLAPP) t\u00e9mak\u00f6r\u00e9ben a PATFox projekt r\u00e9szek\u00e9nt, amelyet az Eur\u00f3pai Bizotts\u00e1g t\u00e1mogat. A jog\u00e1szok \u00e9s m\u00e9diaszakemberek sz\u00e1m\u00e1ra \u00f6ssze\u00e1ll\u00edtott angol \u00e9s magyar nyelv\u0171 dokumentumok, \u00edgy a hazai esettanulm\u00e1nyokat tartalmaz\u00f3 k\u00e9pz\u00e9si tematika, egy szak\u00e9rt\u0151kkel szervezett szakmai kerekasztal-besz\u00e9lget\u00e9s leirata \u00e9s a [&hellip;]<\/p>\n","protected":false},"author":1,"featured_media":1953,"comment_status":"closed","ping_status":"closed","sticky":false,"template":"","format":"standard","meta":{"_monsterinsights_skip_tracking":false,"_monsterinsights_sitenote_active":false,"_monsterinsights_sitenote_note":"","_monsterinsights_sitenote_category":0,"footnotes":""},"categories":[13,4],"tags":[],"class_list":["post-2290","post","type-post","status-publish","format-standard","has-post-thumbnail","hentry","category-aktualis","category-hirek"],"_links":{"self":[{"href":"https:\/\/cij.hu\/hu\/wp-json\/wp\/v2\/posts\/2290","targetHints":{"allow":["GET"]}}],"collection":[{"href":"https:\/\/cij.hu\/hu\/wp-json\/wp\/v2\/posts"}],"about":[{"href":"https:\/\/cij.hu\/hu\/wp-json\/wp\/v2\/types\/post"}],"author":[{"embeddable":true,"href":"https:\/\/cij.hu\/hu\/wp-json\/wp\/v2\/users\/1"}],"replies":[{"embeddable":true,"href":"https:\/\/cij.hu\/hu\/wp-json\/wp\/v2\/comments?post=2290"}],"version-history":[{"count":3,"href":"https:\/\/cij.hu\/hu\/wp-json\/wp\/v2\/posts\/2290\/revisions"}],"predecessor-version":[{"id":2294,"href":"https:\/\/cij.hu\/hu\/wp-json\/wp\/v2\/posts\/2290\/revisions\/2294"}],"wp:featuredmedia":[{"embeddable":true,"href":"https:\/\/cij.hu\/hu\/wp-json\/wp\/v2\/media\/1953"}],"wp:attachment":[{"href":"https:\/\/cij.hu\/hu\/wp-json\/wp\/v2\/media?parent=2290"}],"wp:term":[{"taxonomy":"category","embeddable":true,"href":"https:\/\/cij.hu\/hu\/wp-json\/wp\/v2\/categories?post=2290"},{"taxonomy":"post_tag","embeddable":true,"href":"https:\/\/cij.hu\/hu\/wp-json\/wp\/v2\/tags?post=2290"}],"curies":[{"name":"wp","href":"https:\/\/api.w.org\/{rel}","templated":true}]}}