{"id":2516,"date":"2025-04-08T15:12:52","date_gmt":"2025-04-08T14:12:52","guid":{"rendered":"https:\/\/cij.hu\/hu\/?p=2516"},"modified":"2025-04-08T15:22:44","modified_gmt":"2025-04-08T14:22:44","slug":"sosem-keso-az-idosebb-korosztaly-tudatos-tajekozodasa-a-digitalis-vilagban","status":"publish","type":"post","link":"https:\/\/cij.hu\/hu\/sosem-keso-az-idosebb-korosztaly-tudatos-tajekozodasa-a-digitalis-vilagban\/","title":{"rendered":"\u201eSosem k\u00e9s\u0151!\u201d \u2013 az id\u0151sebb koroszt\u00e1ly tudatos t\u00e1j\u00e9koz\u00f3d\u00e1sa a digit\u00e1lis vil\u00e1gban"},"content":{"rendered":"\n<p><em>M\u0171helyfoglalkoz\u00e1s a F\u00fcggetlen M\u00e9diak\u00f6zpontban a Lakmusz t\u00e9nyellen\u0151rz\u0151 port\u00e1l k\u00f6zrem\u0171k\u00f6d\u00e9s\u00e9vel<\/em><\/p>\n\n\n\n<p>&#x1f4c5; Id\u0151pont: \u00e1prilis 29. (kedd) 16:00-18:00 <br>&#x1f4cd; Helysz\u00edn: Sajt\u00f3h\u00e1z (1064 Budapest, V\u00f6r\u00f6smarty utca 47\/A.) \u2013 Gimes terem <\/p>\n\n\n\n<p>A digit\u00e1lis vil\u00e1g \u00e9s azon bel\u00fcl az online t\u00e9r minden ember \u00e9let\u00e9nek egyre ink\u00e1bb megker\u00fclhetetlen r\u00e9sze. Ez a trend \u00fajabb \u00e9s \u00fajabb jelens\u00e9gekkel, p\u00e9ld\u00e1ul a mesters\u00e9ges intelligencia t\u00e9rh\u00f3d\u00edt\u00e1s\u00e1val meg\u00e1ll\u00edthatatlanul er\u0151s\u00f6dni l\u00e1tszik.&nbsp; A kapcsolattart\u00e1son \u00e9s sz\u00f3rakoz\u00e1son t\u00fal ma m\u00e1r a k\u00f6zigazgat\u00e1si \u00e9s banki \u00fcgyint\u00e9z\u00e9s, az eg\u00e9szs\u00e9g\u00fcgyi ell\u00e1t\u00e1sban ny\u00fajtott szolg\u00e1ltat\u00e1sok ig\u00e9nybev\u00e9tele is egyre nagyobb ar\u00e1nyban \u00e9rhet\u0151 el online fel\u00fcleteken, de az inform\u00e1ci\u00f3fogyaszt\u00e1si szok\u00e1sok megv\u00e1ltoz\u00e1s\u00e1val a digit\u00e1lis t\u00e9r szinte megker\u00fclhetetlenn\u00e9 v\u00e1lt a h\u00e9tk\u00f6znapi t\u00e1j\u00e9koz\u00f3d\u00e1sban is. Az id\u0151sebb gener\u00e1ci\u00f3k jelenl\u00e9te a digit\u00e1lis t\u00e9rben \u00e9s az egyre szaporod\u00f3 online platformokon teh\u00e1t m\u00e1ra mindennapi \u00e9let\u00fcnk realit\u00e1s\u00e1v\u00e1 v\u00e1lt.<\/p>\n\n\n\n<p>Ugyanakkor az id\u0151sebb gener\u00e1ci\u00f3 tagjait k\u00fcl\u00f6n\u00f6sen vesz\u00e9lybe sodorhatj\u00e1k a szaporod\u00f3 \u00e1lh\u00edrek, az egyre nagyobb m\u00e9reteket \u00f6lt\u0151 dezinform\u00e1ci\u00f3s kamp\u00e1nyok, az inform\u00e1ci\u00f3s manipul\u00e1ci\u00f3. Annak \u00e9rdek\u00e9ben, hogy az id\u0151sebb koroszt\u00e1ly m\u00e9diatudatoss\u00e1g\u00e1nak fejleszt\u00e9s\u00e9hez a F\u00fcggetlen M\u00e9diak\u00f6zpont is hozz\u00e1j\u00e1ruljon, m\u0171helyfoglalkoz\u00e1st <em>(Training of Trainers (ToT); a K\u00e9pz\u0151k k\u00e9pz\u00e9se)<\/em> szervez azzal a c\u00e9llal is, hogy a r\u00e9sztvev\u0151k a digit\u00e1lis j\u00e1rtass\u00e1ggal \u00e9s m\u00e9diatudatoss\u00e1ggal kapcsolatban megszerzett tud\u00e1st ne csak saj\u00e1t \u00e9let\u00fckben, de k\u00f6rnyezet\u00fckben is sikerrel tudj\u00e1k alkalmazni.<\/p>\n\n\n\n<p>A rendezv\u00e9ny keretein bel\u00fcl sz\u00f3 lesz az eg\u00e9szs\u00e9g\u00fcgy \u00e9s tudom\u00e1ny ter\u00fclet\u00e9r\u0151l, az online \u00e1tver\u00e9sek elleni k\u00fczdelemr\u0151l, valamint a tudatos k\u00f6z\u00f6ss\u00e9gi-m\u00e9diahaszn\u00e1latr\u00f3l.<\/p>\n\n\n\n<p>A m\u0171helyfoglalkoz\u00e1s programja:<\/p>\n\n\n\n<p>15:30-16:00: \u00c9rkez\u00e9s, regisztr\u00e1ci\u00f3<\/p>\n\n\n\n<p>16:00-16:50: El\u0151ad\u00e1s az \u00e1lh\u00edrek \u00e9s dezinform\u00e1ci\u00f3 szerep\u00e9r\u0151l a digit\u00e1lis t\u00e9rben \u00e9s a <a href=\"https:\/\/www.lakmusz.hu\/sosemkeso\/\" target=\"_blank\" rel=\"noreferrer noopener\">Lakmusz \u201eSosem k\u00e9s\u0151!\u201d<\/a> projektj\u00e9nek bemutat\u00e1sa<\/p>\n\n\n\n<p>16:50-17:10 K\u00e1v\u00e9sz\u00fcnet<\/p>\n\n\n\n<p>17:10-18:00 A Lakmusz el\u0151ad\u00e1s\u00e1nak m\u00e1sodik r\u00e9sze \u00e9s gyakorlat-orient\u00e1lt m\u0171helymunka (a m\u0171helymunk\u00e1ban val\u00f3 r\u00e9szv\u00e9tel el\u0151zetes tud\u00e1st, felk\u00e9sz\u00fcl\u00e9st nem ig\u00e9nyel!)<\/p>\n\n\n\n<p>A m\u0171helyfoglalkoz\u00e1st P\u00e1los M\u00e1t\u00e9, a Lakmusz szerkeszt\u0151je vezeti. P\u00e1los M\u00e1t\u00e9 az ELTE BTK-n v\u00e9gzett, karrierje kezdet\u00e9n kritikusk\u00e9nt dolgozott, majd filmes foly\u00f3iratot alap\u00edtott, \u00e9s a kult\u00faraelm\u00e9leti doktori programban folytatott tanulm\u00e1nyokat. 2014 \u00f3ta folyamatosan \u00fajs\u00e1g\u00edr\u00f3k\u00e9nt tev\u00e9kenykedik, dolgozott a r\u00e9gi Orig\u00f3n\u00e1l, majd \u00f6t \u00e9vig a Magyar Narancsn\u00e1l, \u00e9s a G7.hu gazdas\u00e1gi port\u00e1ln\u00e1l. A Lakmusz csapat\u00e1hoz 2024 j\u00fanius\u00e1ban csatlakozott. A Magyar \u00dajs\u00e1g\u00edr\u00f3k Orsz\u00e1gos Sz\u00f6vets\u00e9ge 2019-ben az \u00e9v kultur\u00e1lis \u00fajs\u00e1g\u00edr\u00f3j\u00e1nak v\u00e1lasztotta, 2023-ban egy riportj\u00e1\u00e9rt megkapta a Fejleszt\u00e9si \u00dajs\u00e1g\u00edr\u00f3i D\u00edj k\u00fcl\u00f6nd\u00edj\u00e1t.<\/p>\n\n\n\n<p>A rendezv\u00e9ny nyilv\u00e1nos, de el\u0151zetes regisztr\u00e1ci\u00f3hoz k\u00f6t\u00f6tt. K\u00e9rj\u00fck, hogy r\u00e9szv\u00e9teli sz\u00e1nd\u00e9k\u00e1t 2025. \u00e1prilis 28-ig jelezze az online regisztr\u00e1ci\u00f3s \u0171rlapon! <a href=\"https:\/\/forms.gle\/9UB1fjCMYpzmSVvP6\" target=\"_blank\" rel=\"noreferrer noopener\">https:\/\/forms.gle\/9UB1fjCMYpzmSVvP6<\/a><\/p>\n\n\n\n<p>A program megval\u00f3sul\u00e1s\u00e1t a <a href=\"https:\/\/transitionsmedia.org\/\" target=\"_blank\" rel=\"noreferrer noopener\">Transitions<\/a> t\u00e1mogat\u00e1sa tette lehet\u0151v\u00e9.<br><br>Regisztr\u00e1l\u00e1s el\u0151tt k\u00e9rj\u00fck, olvassa el <a href=\"https:\/\/cij.hu\/hu\/wp-content\/uploads\/2018\/09\/Adatkezelesi-tajekoztato.pdf\" target=\"_blank\" rel=\"noreferrer noopener\">Adatkezel\u00e9si T\u00e1j\u00e9koztat\u00f3nkat<\/a>!<\/p>\n\n\n\n<p><\/p>\n","protected":false},"excerpt":{"rendered":"<p>M\u0171helyfoglalkoz\u00e1s a F\u00fcggetlen M\u00e9diak\u00f6zpontban a Lakmusz t\u00e9nyellen\u0151rz\u0151 port\u00e1l k\u00f6zrem\u0171k\u00f6d\u00e9s\u00e9vel &#x1f4c5; Id\u0151pont: \u00e1prilis 29. (kedd) 16:00-18:00 &#x1f4cd; Helysz\u00edn: Sajt\u00f3h\u00e1z (1064 Budapest, V\u00f6r\u00f6smarty utca 47\/A.) \u2013 Gimes terem A digit\u00e1lis vil\u00e1g \u00e9s azon bel\u00fcl az online t\u00e9r minden ember \u00e9let\u00e9nek egyre ink\u00e1bb megker\u00fclhetetlen r\u00e9sze. Ez a trend \u00fajabb \u00e9s \u00fajabb jelens\u00e9gekkel, p\u00e9ld\u00e1ul a mesters\u00e9ges intelligencia t\u00e9rh\u00f3d\u00edt\u00e1s\u00e1val meg\u00e1ll\u00edthatatlanul [&hellip;]<\/p>\n","protected":false},"author":1,"featured_media":2518,"comment_status":"closed","ping_status":"closed","sticky":false,"template":"","format":"standard","meta":{"_monsterinsights_skip_tracking":false,"_monsterinsights_sitenote_active":false,"_monsterinsights_sitenote_note":"","_monsterinsights_sitenote_category":0,"footnotes":""},"categories":[13,4],"tags":[],"class_list":["post-2516","post","type-post","status-publish","format-standard","has-post-thumbnail","hentry","category-aktualis","category-hirek"],"_links":{"self":[{"href":"https:\/\/cij.hu\/hu\/wp-json\/wp\/v2\/posts\/2516","targetHints":{"allow":["GET"]}}],"collection":[{"href":"https:\/\/cij.hu\/hu\/wp-json\/wp\/v2\/posts"}],"about":[{"href":"https:\/\/cij.hu\/hu\/wp-json\/wp\/v2\/types\/post"}],"author":[{"embeddable":true,"href":"https:\/\/cij.hu\/hu\/wp-json\/wp\/v2\/users\/1"}],"replies":[{"embeddable":true,"href":"https:\/\/cij.hu\/hu\/wp-json\/wp\/v2\/comments?post=2516"}],"version-history":[{"count":4,"href":"https:\/\/cij.hu\/hu\/wp-json\/wp\/v2\/posts\/2516\/revisions"}],"predecessor-version":[{"id":2522,"href":"https:\/\/cij.hu\/hu\/wp-json\/wp\/v2\/posts\/2516\/revisions\/2522"}],"wp:featuredmedia":[{"embeddable":true,"href":"https:\/\/cij.hu\/hu\/wp-json\/wp\/v2\/media\/2518"}],"wp:attachment":[{"href":"https:\/\/cij.hu\/hu\/wp-json\/wp\/v2\/media?parent=2516"}],"wp:term":[{"taxonomy":"category","embeddable":true,"href":"https:\/\/cij.hu\/hu\/wp-json\/wp\/v2\/categories?post=2516"},{"taxonomy":"post_tag","embeddable":true,"href":"https:\/\/cij.hu\/hu\/wp-json\/wp\/v2\/tags?post=2516"}],"curies":[{"name":"wp","href":"https:\/\/api.w.org\/{rel}","templated":true}]}}